{"id":7483,"date":"2018-08-12T18:04:17","date_gmt":"2018-08-12T16:04:17","guid":{"rendered":"http:\/\/www.zubieta.eus\/?p=7483"},"modified":"2018-08-12T18:04:17","modified_gmt":"2018-08-12T16:04:17","slug":"2018ko-ekainaren-27ko-osoko-bilkurako-akta","status":"publish","type":"post","link":"http:\/\/www.zubieta.eus\/es\/2018ko-ekainaren-27ko-osoko-bilkurako-akta\/","title":{"rendered":"Acta de Pleno de 27 de junio de 2018."},"content":{"rendered":"<p>NOTA. La difusi\u00f3n de las actas municipales contenidas en este blog tiene como exclusiva finalidad el cumplimiento del principio de publicidad y de participaci\u00f3n ciudadana contenido en la legislaci\u00f3n de r\u00e9gimen local. <a href=\"http:\/\/www.zubieta.eus\/wp-content\/uploads\/sites\/86\/2018\/08\/EXTRACTO27062018EXPO.pdf\" class=\"mtli_attachment mtli_pdf\" target=\"_blank\" rel=\"noopener\">EXTRACTO<\/a><\/p>","protected":false},"excerpt":{"rendered":"<p>NOTA. La difusi\u00f3n de las actas municipales contenidas en este blog tiene como exclusiva finalidad el cumplimiento del principio de publicidad y de participaci\u00f3n ciudadana contenido en la legislaci\u00f3n de r\u00e9gimen local. EXTRACTO<\/p>\n","protected":false},"author":261,"featured_media":0,"comment_status":"closed","ping_status":"closed","sticky":false,"template":"","format":"standard","meta":{"_monsterinsights_skip_tracking":false,"_monsterinsights_sitenote_active":false,"_monsterinsights_sitenote_note":"","_monsterinsights_sitenote_category":0,"footnotes":""},"categories":[3,4],"tags":[],"class_list":["post-7483","post","type-post","status-publish","format-standard","hentry","category-actas","category-actualidad"],"yoast_head":"<!-- This site is optimized with the Yoast SEO plugin v26.8 - https:\/\/yoast.com\/product\/yoast-seo-wordpress\/ -->\r\n<title>Acta de Pleno de 27 de junio de 2018. - Ayuntamiento de Zubieta<\/title>\r\n<meta name=\"robots\" content=\"index, follow, max-snippet:-1, max-image-preview:large, max-video-preview:-1\" \/>\r\n<link rel=\"canonical\" href=\"http:\/\/www.zubieta.eus\/2018ko-ekainaren-27ko-osoko-bilkurako-akta\/\" \/>\r\n<meta property=\"og:locale\" content=\"es_ES\" \/>\r\n<meta property=\"og:type\" content=\"article\" \/>\r\n<meta property=\"og:title\" content=\"[:eu]2018ko ekainaren 27ko Osoko Bilkurako akta.[:es]Acta de Pleno de 27 de junio de 2018.[:] - Ayuntamiento de Zubieta\" \/>\r\n<meta property=\"og:description\" content=\"NOTA. La difusi\u00f3n de las actas municipales contenidas en este blog tiene como exclusiva finalidad el cumplimiento del principio de publicidad y de participaci\u00f3n ciudadana contenido en la legislaci\u00f3n de r\u00e9gimen local. EXTRACTO\" \/>\r\n<meta property=\"og:url\" content=\"http:\/\/www.zubieta.eus\/2018ko-ekainaren-27ko-osoko-bilkurako-akta\/\" \/>\r\n<meta property=\"og:site_name\" content=\"Ayuntamiento de Zubieta\" \/>\r\n<meta property=\"article:published_time\" content=\"2018-08-12T16:04:17+00:00\" \/>\r\n<meta name=\"author\" content=\"zubietaudala\" \/>\r\n<meta name=\"twitter:card\" content=\"summary_large_image\" \/>\r\n<meta name=\"twitter:label1\" content=\"Escrito por\" \/>\n\t<meta name=\"twitter:data1\" content=\"zubietaudala\" \/>\r\n<script type=\"application\/ld+json\" class=\"yoast-schema-graph\">{\"@context\":\"https:\/\/schema.org\",\"@graph\":[{\"@type\":\"Article\",\"@id\":\"http:\/\/www.zubieta.eus\/2018ko-ekainaren-27ko-osoko-bilkurako-akta\/#article\",\"isPartOf\":{\"@id\":\"http:\/\/www.zubieta.eus\/2018ko-ekainaren-27ko-osoko-bilkurako-akta\/\"},\"author\":{\"name\":\"zubietaudala\",\"@id\":\"http:\/\/www.zubieta.eus\/#\/schema\/person\/14c5295420ea082332eddf2b20248e4b\"},\"headline\":\"Acta de Pleno de 27 de junio de 2018.\",\"datePublished\":\"2018-08-12T16:04:17+00:00\",\"mainEntityOfPage\":{\"@id\":\"http:\/\/www.zubieta.eus\/2018ko-ekainaren-27ko-osoko-bilkurako-akta\/\"},\"wordCount\":77,\"articleSection\":[\"Actas\",\"Actualidad\"],\"inLanguage\":\"es\"},{\"@type\":\"WebPage\",\"@id\":\"http:\/\/www.zubieta.eus\/2018ko-ekainaren-27ko-osoko-bilkurako-akta\/\",\"url\":\"http:\/\/www.zubieta.eus\/2018ko-ekainaren-27ko-osoko-bilkurako-akta\/\",\"name\":\"[:eu]2018ko ekainaren 27ko Osoko Bilkurako akta.[:es]Acta de Pleno de 27 de junio de 2018.[:] - Ayuntamiento de Zubieta\",\"isPartOf\":{\"@id\":\"http:\/\/www.zubieta.eus\/#website\"},\"datePublished\":\"2018-08-12T16:04:17+00:00\",\"author\":{\"@id\":\"http:\/\/www.zubieta.eus\/#\/schema\/person\/14c5295420ea082332eddf2b20248e4b\"},\"breadcrumb\":{\"@id\":\"http:\/\/www.zubieta.eus\/2018ko-ekainaren-27ko-osoko-bilkurako-akta\/#breadcrumb\"},\"inLanguage\":\"es\",\"potentialAction\":[{\"@type\":\"ReadAction\",\"target\":[\"http:\/\/www.zubieta.eus\/2018ko-ekainaren-27ko-osoko-bilkurako-akta\/\"]}]},{\"@type\":\"BreadcrumbList\",\"@id\":\"http:\/\/www.zubieta.eus\/2018ko-ekainaren-27ko-osoko-bilkurako-akta\/#breadcrumb\",\"itemListElement\":[{\"@type\":\"ListItem\",\"position\":1,\"name\":\"Portada\",\"item\":\"http:\/\/www.zubieta.eus\/\"},{\"@type\":\"ListItem\",\"position\":2,\"name\":\"Acta de Pleno de 27 de junio de 2018.\"}]},{\"@type\":\"WebSite\",\"@id\":\"http:\/\/www.zubieta.eus\/#website\",\"url\":\"http:\/\/www.zubieta.eus\/\",\"name\":\"Ayuntamiento de Zubieta\",\"description\":\"Sitio web del Ayuntamiento de Zubieta\",\"potentialAction\":[{\"@type\":\"SearchAction\",\"target\":{\"@type\":\"EntryPoint\",\"urlTemplate\":\"http:\/\/www.zubieta.eus\/?s={search_term_string}\"},\"query-input\":{\"@type\":\"PropertyValueSpecification\",\"valueRequired\":true,\"valueName\":\"search_term_string\"}}],\"inLanguage\":\"es\"},{\"@type\":\"Person\",\"@id\":\"http:\/\/www.zubieta.eus\/#\/schema\/person\/14c5295420ea082332eddf2b20248e4b\",\"name\":\"zubietaudala\",\"image\":{\"@type\":\"ImageObject\",\"inLanguage\":\"es\",\"@id\":\"http:\/\/www.zubieta.eus\/#\/schema\/person\/image\/\",\"url\":\"https:\/\/secure.gravatar.com\/avatar\/3faf0e6ac6dad43fcb91133313c64679630a84651e947db982940693c4365be9?s=96&d=mm&r=g\",\"contentUrl\":\"https:\/\/secure.gravatar.com\/avatar\/3faf0e6ac6dad43fcb91133313c64679630a84651e947db982940693c4365be9?s=96&d=mm&r=g\",\"caption\":\"zubietaudala\"},\"url\":\"http:\/\/www.zubieta.eus\/es\/author\/zubietaudala\/\"}]}<\/script>\r\n<!-- \/ Yoast SEO plugin. -->","yoast_head_json":{"title":"[:eu]2018ko ekainaren 27ko Osoko Bilkurako akta.[:es]Acta de Pleno de 27 de junio de 2018.[:] - Ayuntamiento de Zubieta","robots":{"index":"index","follow":"follow","max-snippet":"max-snippet:-1","max-image-preview":"max-image-preview:large","max-video-preview":"max-video-preview:-1"},"canonical":"http:\/\/www.zubieta.eus\/2018ko-ekainaren-27ko-osoko-bilkurako-akta\/","og_locale":"es_ES","og_type":"article","og_title":"[:eu]2018ko ekainaren 27ko Osoko Bilkurako akta.[:es]Acta de Pleno de 27 de junio de 2018.[:] - Ayuntamiento de Zubieta","og_description":"NOTA. La difusi\u00f3n de las actas municipales contenidas en este blog tiene como exclusiva finalidad el cumplimiento del principio de publicidad y de participaci\u00f3n ciudadana contenido en la legislaci\u00f3n de r\u00e9gimen local. EXTRACTO","og_url":"http:\/\/www.zubieta.eus\/2018ko-ekainaren-27ko-osoko-bilkurako-akta\/","og_site_name":"Ayuntamiento de Zubieta","article_published_time":"2018-08-12T16:04:17+00:00","author":"zubietaudala","twitter_card":"summary_large_image","twitter_misc":{"Escrito por":"zubietaudala"},"schema":{"@context":"https:\/\/schema.org","@graph":[{"@type":"Article","@id":"http:\/\/www.zubieta.eus\/2018ko-ekainaren-27ko-osoko-bilkurako-akta\/#article","isPartOf":{"@id":"http:\/\/www.zubieta.eus\/2018ko-ekainaren-27ko-osoko-bilkurako-akta\/"},"author":{"name":"zubietaudala","@id":"http:\/\/www.zubieta.eus\/#\/schema\/person\/14c5295420ea082332eddf2b20248e4b"},"headline":"Acta de Pleno de 27 de junio de 2018.","datePublished":"2018-08-12T16:04:17+00:00","mainEntityOfPage":{"@id":"http:\/\/www.zubieta.eus\/2018ko-ekainaren-27ko-osoko-bilkurako-akta\/"},"wordCount":77,"articleSection":["Actas","Actualidad"],"inLanguage":"es"},{"@type":"WebPage","@id":"http:\/\/www.zubieta.eus\/2018ko-ekainaren-27ko-osoko-bilkurako-akta\/","url":"http:\/\/www.zubieta.eus\/2018ko-ekainaren-27ko-osoko-bilkurako-akta\/","name":"[:eu]2018ko ekainaren 27ko Osoko Bilkurako akta.[:es]Acta de Pleno de 27 de junio de 2018.[:] - Ayuntamiento de Zubieta","isPartOf":{"@id":"http:\/\/www.zubieta.eus\/#website"},"datePublished":"2018-08-12T16:04:17+00:00","author":{"@id":"http:\/\/www.zubieta.eus\/#\/schema\/person\/14c5295420ea082332eddf2b20248e4b"},"breadcrumb":{"@id":"http:\/\/www.zubieta.eus\/2018ko-ekainaren-27ko-osoko-bilkurako-akta\/#breadcrumb"},"inLanguage":"es","potentialAction":[{"@type":"ReadAction","target":["http:\/\/www.zubieta.eus\/2018ko-ekainaren-27ko-osoko-bilkurako-akta\/"]}]},{"@type":"BreadcrumbList","@id":"http:\/\/www.zubieta.eus\/2018ko-ekainaren-27ko-osoko-bilkurako-akta\/#breadcrumb","itemListElement":[{"@type":"ListItem","position":1,"name":"Portada","item":"http:\/\/www.zubieta.eus\/"},{"@type":"ListItem","position":2,"name":"Acta de Pleno de 27 de junio de 2018."}]},{"@type":"WebSite","@id":"http:\/\/www.zubieta.eus\/#website","url":"http:\/\/www.zubieta.eus\/","name":"Ayuntamiento de Zubieta","description":"Sitio web del Ayuntamiento de Zubieta","potentialAction":[{"@type":"SearchAction","target":{"@type":"EntryPoint","urlTemplate":"http:\/\/www.zubieta.eus\/?s={search_term_string}"},"query-input":{"@type":"PropertyValueSpecification","valueRequired":true,"valueName":"search_term_string"}}],"inLanguage":"es"},{"@type":"Person","@id":"http:\/\/www.zubieta.eus\/#\/schema\/person\/14c5295420ea082332eddf2b20248e4b","name":"zubietaudala","image":{"@type":"ImageObject","inLanguage":"es","@id":"http:\/\/www.zubieta.eus\/#\/schema\/person\/image\/","url":"https:\/\/secure.gravatar.com\/avatar\/3faf0e6ac6dad43fcb91133313c64679630a84651e947db982940693c4365be9?s=96&d=mm&r=g","contentUrl":"https:\/\/secure.gravatar.com\/avatar\/3faf0e6ac6dad43fcb91133313c64679630a84651e947db982940693c4365be9?s=96&d=mm&r=g","caption":"zubietaudala"},"url":"http:\/\/www.zubieta.eus\/es\/author\/zubietaudala\/"}]}},"_links":{"self":[{"href":"http:\/\/www.zubieta.eus\/es\/wp-json\/wp\/v2\/posts\/7483","targetHints":{"allow":["GET"]}}],"collection":[{"href":"http:\/\/www.zubieta.eus\/es\/wp-json\/wp\/v2\/posts"}],"about":[{"href":"http:\/\/www.zubieta.eus\/es\/wp-json\/wp\/v2\/types\/post"}],"author":[{"embeddable":true,"href":"http:\/\/www.zubieta.eus\/es\/wp-json\/wp\/v2\/users\/261"}],"replies":[{"embeddable":true,"href":"http:\/\/www.zubieta.eus\/es\/wp-json\/wp\/v2\/comments?post=7483"}],"version-history":[{"count":1,"href":"http:\/\/www.zubieta.eus\/es\/wp-json\/wp\/v2\/posts\/7483\/revisions"}],"predecessor-version":[{"id":7486,"href":"http:\/\/www.zubieta.eus\/es\/wp-json\/wp\/v2\/posts\/7483\/revisions\/7486"}],"wp:attachment":[{"href":"http:\/\/www.zubieta.eus\/es\/wp-json\/wp\/v2\/media?parent=7483"}],"wp:term":[{"taxonomy":"category","embeddable":true,"href":"http:\/\/www.zubieta.eus\/es\/wp-json\/wp\/v2\/categories?post=7483"},{"taxonomy":"post_tag","embeddable":true,"href":"http:\/\/www.zubieta.eus\/es\/wp-json\/wp\/v2\/tags?post=7483"}],"curies":[{"name":"wp","href":"https:\/\/api.w.org\/{rel}","templated":true}]}}